[{"@context":"https:\/\/schema.org\/","@type":"Article","@id":"https:\/\/www.shahab.cz\/velka-akce-neni-jen-o-poctu-chlebicku\/#Article","mainEntityOfPage":"https:\/\/www.shahab.cz\/velka-akce-neni-jen-o-poctu-chlebicku\/","headline":"Velk\u00e1 akce nen\u00ed jen o po\u010dtu chleb\u00ed\u010dk\u016f","name":"Velk\u00e1 akce nen\u00ed jen o po\u010dtu chleb\u00ed\u010dk\u016f","description":"Jestli\u017ee pl\u00e1nujete uspo\u0159\u00e1dat n\u011bjakou spole\u010denskou akci pod \u0161ir\u00fdm nebem, a nebude to jen pro n\u011bkolik va\u0161ich zn\u00e1m\u00fdch, pak m\u00e1te pr\u00e1v\u011b jist\u011b plnou hlavu starost\u00ed, jak to v\u0161echno zvl\u00e1dnete, abyste na nic nezapomn\u011bli. A skute\u010dn\u011b toho nen\u00ed m\u00e1lo, co mus\u00edte za\u0159\u00eddit. Nen\u00ed to toti\u017e tak snadn\u00e9 jako uspo\u0159\u00e1dat dom\u00e1c\u00ed oslavu narozenin, by\u0165 by se klidn\u011b jednalo &hellip; <div class=\"link-more text-center\"><a href=\"https:\/\/www.shahab.cz\/velka-akce-neni-jen-o-poctu-chlebicku\/\" class=\"more-link py-2 px-4\">Read More<span class=\"screen-reader-text\"> \"Velk\u00e1 akce nen\u00ed jen o po\u010dtu chleb\u00ed\u010dk\u016f\"<\/span><\/a><\/div>","datePublished":"2017-07-13","dateModified":"2023-06-09","author":{"@type":"Person","@id":"https:\/\/www.shahab.cz\/author\/devene\/#Person","name":"devene","url":"https:\/\/www.shahab.cz\/author\/devene\/","identifier":1,"image":{"@type":"ImageObject","@id":"https:\/\/secure.gravatar.com\/avatar\/d7705a23c50ede72936119380238a88bdeb91030521f9262dc3abc6fdd8add33?s=96&d=mm&r=g","url":"https:\/\/secure.gravatar.com\/avatar\/d7705a23c50ede72936119380238a88bdeb91030521f9262dc3abc6fdd8add33?s=96&d=mm&r=g","height":96,"width":96}},"publisher":{"@type":"Organization","name":"shahab.cz","logo":{"@type":"ImageObject","@id":"\/logo.png","url":"\/logo.png","width":600,"height":60}},"image":{"@type":"ImageObject","@id":"https:\/\/www.shahab.cz\/wp-content\/uploads\/img_a290290_w2124_t1502780058.png","url":"https:\/\/www.shahab.cz\/wp-content\/uploads\/img_a290290_w2124_t1502780058.png","height":0,"width":0},"url":"https:\/\/www.shahab.cz\/velka-akce-neni-jen-o-poctu-chlebicku\/","about":["Dovolen\u00e1"],"wordCount":390,"articleBody":"     Jestli\u017ee pl\u00e1nujete uspo\u0159\u00e1dat n\u011bjakou spole\u010denskou akci pod \u0161ir\u00fdm nebem, a nebude to jen pro n\u011bkolik va\u0161ich zn\u00e1m\u00fdch, pak m\u00e1te pr\u00e1v\u011b jist\u011b plnou hlavu starost\u00ed, jak to v\u0161echno zvl\u00e1dnete, abyste na nic nezapomn\u011bli. A skute\u010dn\u011b toho nen\u00ed m\u00e1lo, co mus\u00edte za\u0159\u00eddit. Nen\u00ed to toti\u017e tak snadn\u00e9 jako uspo\u0159\u00e1dat dom\u00e1c\u00ed oslavu narozenin, by\u0165 by se klidn\u011b jednalo o zap\u00edjen\u00ed v\u00fdznamn\u00e9ho \u017eivotn\u00edho jubilea. P\u0159ece jen, kdy\u017e na va\u0161i akci m\u00ed\u0159\u00ed lid\u00ed sto, a kdy\u017e jich tam m\u00ed\u0159\u00ed tis\u00edc a v\u00edce, tak u\u017e se jedn\u00e1 o podstatn\u00fd rozd\u00edl, a nejen v tom, kolik p\u0159iprav\u00edte ob\u010derstven\u00ed. V tomto p\u0159\u00edpad\u011b toho budete muset zajistit daleko v\u00edce ne\u017e jen dostate\u010dn\u00fd po\u010det chleb\u00ed\u010dk\u016f.   Ud\u011blejte si dlouh\u00fd seznam a na nic nezapome\u0148te No jen si to vezm\u011bte. Pokud se jedn\u00e1 o n\u011bjakou hudebn\u00ed akci anebo klidn\u011b i o n\u011bjakou rodinnou akci pro d\u011bti jako je d\u011btsk\u00fd den a tak podobn\u011b, tak v\u00e1m tam jist\u011b nesm\u00ed chyb\u011bt p\u00f3dium, na kter\u00e9m budou prob\u00edhat koncerty, kabarety, bude tam moder\u00e1tor, a tak obecn\u011b odtud bude proudit hlavn\u00ed z\u00e1bavn\u00ed linka. Tak\u00e9 nesm\u00edte pominout \u017eidle, stoly a st\u00e1nky, proto\u017ee mnoho lid\u00ed si pot\u0159ebuje n\u011bkam sednout, n\u011bkam odlo\u017eit sv\u00e9 v\u011bci, st\u00e1nka\u0159i s ob\u010derstven\u00edm si mus\u00ed m\u00edt kde rozlo\u017eit sv\u00e9 pot\u0159eby, a tak d\u00e1le. Mo\u017en\u00e1 si na m\u00edsto nech\u00e1te nav\u00e9st tak\u00e9 r\u016fzn\u00e9 atrakce pro d\u011bti a dosp\u011bl\u00e9 jako jsou nafukovac\u00ed hrady, trampol\u00edny a podobn\u011b. No a samoz\u0159ejm\u011b nesm\u00edte zapomenout na nutn\u00e9 osv\u011btlen\u00ed a ozvu\u010den\u00ed, bez kter\u00e9ho byste mohli leda tak hr\u00e1t na tichou po\u0161tu.  Ov\u0161em i se samotn\u00fdmi reproduktory a reflektory nesvedete v\u016fbec nic, pokud je nem\u00e1te do \u010deho zapojit, tak\u017ee bez zdroje elektrick\u00e9ho proudu se v \u017e\u00e1dn\u00e9m p\u0159\u00edpad\u011b neobejdete. A pokud svou akci n\u00e1hodou po\u0159\u00e1d\u00e1te doslova na zelen\u00e9 louce, tak si objednejte agreg\u00e1t na v\u00fdrobu elekt\u0159iny, jinak v\u00e1s bude muset velmi mnoho rychle \u0161lapat na kole.                                                                                                                                                                                                                                                                                                                                                                                          4.4\/5 - (9 votes)        "},{"@context":"https:\/\/schema.org\/","@type":"BreadcrumbList","itemListElement":[{"@type":"ListItem","position":1,"name":"Velk\u00e1 akce nen\u00ed jen o po\u010dtu chleb\u00ed\u010dk\u016f","item":"https:\/\/www.shahab.cz\/velka-akce-neni-jen-o-poctu-chlebicku\/#breadcrumbitem"}]}]