[{"@context":"https:\/\/schema.org\/","@type":"Article","@id":"https:\/\/www.shahab.cz\/kryt-na-macbook-muze-byt-i-docela-nevsednim-designerskym-kouskem\/#Article","mainEntityOfPage":"https:\/\/www.shahab.cz\/kryt-na-macbook-muze-byt-i-docela-nevsednim-designerskym-kouskem\/","headline":"Kryt na MacBook m\u016f\u017ee b\u00fdt i docela nev\u0161edn\u00edm design\u00e9rsk\u00fdm kouskem","name":"Kryt na MacBook m\u016f\u017ee b\u00fdt i docela nev\u0161edn\u00edm design\u00e9rsk\u00fdm kouskem","description":"Po\u0159\u00eddit si notebook nebo MacBook rovn\u011b\u017e znamen\u00e1 v\u00fdzvu dob\u0159e se o n\u011bj starat nejen po softwarov\u00e9 str\u00e1nce, ale i co se t\u00fd\u010de mechanick\u00e9ho zach\u00e1zen\u00ed. Jin\u00fdmi slovy ke ka\u017ed\u00e9 v\u00fdpo\u010detn\u00ed technice tohoto typu pat\u0159\u00ed i ochrann\u00e9 obaly a pouzdra. U\u017e m\u011b nebav\u00ed ta \u0161ed\u00e1 \u2013 vlastn\u00edte MacBook Air 13 a jste spokojeni s jeho v\u00fdkonem a &hellip; <div class=\"link-more text-center\"><a href=\"https:\/\/www.shahab.cz\/kryt-na-macbook-muze-byt-i-docela-nevsednim-designerskym-kouskem\/\" class=\"more-link py-2 px-4\">Read More<span class=\"screen-reader-text\"> \"Kryt na MacBook m\u016f\u017ee b\u00fdt i docela nev\u0161edn\u00edm design\u00e9rsk\u00fdm kouskem\"<\/span><\/a><\/div>","datePublished":"2025-03-17","dateModified":"2025-03-17","author":{"@type":"Person","@id":"https:\/\/www.shahab.cz\/author\/devene\/#Person","name":"devene","url":"https:\/\/www.shahab.cz\/author\/devene\/","identifier":1,"image":{"@type":"ImageObject","@id":"https:\/\/secure.gravatar.com\/avatar\/d7705a23c50ede72936119380238a88bdeb91030521f9262dc3abc6fdd8add33?s=96&d=mm&r=g","url":"https:\/\/secure.gravatar.com\/avatar\/d7705a23c50ede72936119380238a88bdeb91030521f9262dc3abc6fdd8add33?s=96&d=mm&r=g","height":96,"width":96}},"publisher":{"@type":"Organization","name":"shahab.cz","logo":{"@type":"ImageObject","@id":"\/logo.png","url":"\/logo.png","width":600,"height":60}},"image":{"@type":"ImageObject","@id":"https:\/\/www.shahab.cz\/wp-content\/uploads\/macbook-1093641_640_6.jpg","url":"https:\/\/www.shahab.cz\/wp-content\/uploads\/macbook-1093641_640_6.jpg","height":0,"width":0},"url":"https:\/\/www.shahab.cz\/kryt-na-macbook-muze-byt-i-docela-nevsednim-designerskym-kouskem\/","about":["Nakupov\u00e1n\u00ed"],"wordCount":375,"articleBody":"   Po\u0159\u00eddit si notebook nebo MacBook rovn\u011b\u017e znamen\u00e1 v\u00fdzvu dob\u0159e se o n\u011bj starat nejen po softwarov\u00e9 str\u00e1nce, ale i co se t\u00fd\u010de mechanick\u00e9ho zach\u00e1zen\u00ed. Jin\u00fdmi slovy ke ka\u017ed\u00e9 v\u00fdpo\u010detn\u00ed technice tohoto typu pat\u0159\u00ed i ochrann\u00e9 obaly a pouzdra.U\u017e m\u011b nebav\u00ed ta \u0161ed\u00e1 \u2013 vlastn\u00edte MacBook Air 13 a jste spokojeni s jeho v\u00fdkonem a dal\u0161\u00edmi parametry, ale nevyhovuje v\u00e1m jeho \u0161ed\u00e1 barva? Mimochodem, v\u00edte o tom, \u017ee \u0161ed\u00e1 vlastn\u011b nen\u00ed barva? \u0160ed\u00e1 a \u010dern\u00e1 nejsou sou\u010d\u00e1st\u00ed barevn\u00e9ho sv\u011bteln\u00e9ho spektra, to u\u017e v\u00ed d\u011bti na z\u00e1kladn\u00edch \u0161kol\u00e1ch, kter\u00e9 absolvovaly hodiny fyziky, respektive si vyzkou\u0161ely rozklad denn\u00edho sv\u011btla transparentn\u00edm hranolem. Sou\u010d\u00e1st\u00ed barevn\u00e9ho spektra jsou barvy \u010derven\u00e1, oran\u017eov\u00e1, \u017elut\u00e1, zelen\u00e1, modr\u00e1, (r\u016f\u017eov\u00e1) a fialov\u00e1, ale \u010dernou a \u0161edou tam nenajdete. \u010cern\u00e1 pouze barvy pohlcuje a sama o sob\u011b nic nevyza\u0159uje a \u0161ed\u00fd MacBook na tom tak\u00e9 nen\u00ed zrovna nejl\u00e9pe, co se t\u00fd\u010de barevnosti, a tak chcete-li to napravit (kdy\u017e u\u017e to nedok\u00e1zal v\u00fdrobce), m\u016f\u017eete si po\u0159\u00eddit speci\u00e1ln\u00ed polykarbon\u00e1tov\u00e9 pouzdro v syt\u011b modr\u00e9 barv\u011b a p\u0159\u00edpadn\u011b t\u00edm inspirovat sv\u00e9 p\u0159\u00e1tele a dal\u0161\u00ed lidi kolem v\u00e1s.N\u011bco pro vod\u00e1ky \u2013 kryt na MacBook m\u016f\u017ee p\u0159\u00edjemn\u011b p\u0159ekvapit i n\u011bkter\u00e9 vod\u00e1ck\u00e9 nad\u0161ence, kte\u0159\u00ed miluj\u00ed klasick\u00e9 n\u00e1mo\u0159nick\u00e9 motivy, jako jsou n\u00e1mo\u0159nick\u00e1 tri\u010dka s modro-b\u00edl\u00fdmi prou\u017eky. Co\u017e takhle po\u0159\u00eddit pouzdro CANVASLIFE Sleeve BretonStripe? Pouzdro je ur\u010deno pro patn\u00e1cti a \u0161estn\u00e1cti palcov\u00e9 notebooky a bude skv\u011bl\u00fdm dopl\u0148kem t\u0159eba pro klasick\u00e9 n\u00e1mo\u0159nick\u00e9 triko, proto\u017ee vypad\u00e1 velice podobn\u011b. Na jeho povrchu se st\u0159\u00eddaj\u00ed tenk\u00e9 b\u00edl\u00e9 a tmav\u011b modr\u00e9 prou\u017eky, kter\u00e9 dopl\u0148uje velice vkusn\u00e9 sv\u011btle hn\u011bd\u00e9 vnit\u0159n\u00ed ply\u0161ov\u00e9 polstrov\u00e1n\u00ed. D\u00edky tomu m\u00e1te notebook bezpe\u010dn\u011b ukryt\u00fd p\u0159ed mechanick\u00fdmi vlivy, kter\u00e9 mohou b\u00fdt p\u0159\u00ed\u010dinou \u0161kr\u00e1banc\u016f a dal\u0161\u00edho po\u0161kozen\u00ed. Pouzdro CANVASLIFE m\u016f\u017ee b\u00fdt i hezk\u00fdm d\u00e1rkem k narozenin\u00e1m nebo pod v\u00e1no\u010dn\u00ed stromek.                                                                                                                                                                                                                                                                                                                                                                                          3.7\/5 - (9 votes)        "},{"@context":"https:\/\/schema.org\/","@type":"BreadcrumbList","itemListElement":[{"@type":"ListItem","position":1,"name":"Kryt na MacBook m\u016f\u017ee b\u00fdt i docela nev\u0161edn\u00edm design\u00e9rsk\u00fdm kouskem","item":"https:\/\/www.shahab.cz\/kryt-na-macbook-muze-byt-i-docela-nevsednim-designerskym-kouskem\/#breadcrumbitem"}]}]