[{"@context":"https:\/\/schema.org\/","@type":"Article","@id":"https:\/\/www.shahab.cz\/co-by-nam-udelalo-prijemne\/#Article","mainEntityOfPage":"https:\/\/www.shahab.cz\/co-by-nam-udelalo-prijemne\/","headline":"Co by n\u00e1m  ud\u011blalo p\u0159\u00edjemn\u011b?","name":"Co by n\u00e1m  ud\u011blalo p\u0159\u00edjemn\u011b?","description":"Pocit horka je pro n\u00e1s nep\u0159\u00edjemn\u00fd stejn\u011b jako pocit chladu. Ano, kdy\u017e je vedro, m\u016f\u017eeme se vysvl\u00e9ct. Ale to nen\u00ed ide\u00e1ln\u00ed. Ne v\u017edy lze b\u00fdt ve vnit\u0159n\u00edch prostor\u00e1ch bez oble\u010den\u00ed. Ale i kdyby to \u0161lo, m\u016f\u017ee v\u00e1m b\u00fdt po\u0159\u00e1d vedro a pot z v\u00e1s m\u016f\u017ee st\u00e9kat v\u00edc ne\u017e dost. Co znamen\u00e1 b\u00fdt &#8222;v pohod\u011b&#8220;? B\u00fdt &hellip; <div class=\"link-more text-center\"><a href=\"https:\/\/www.shahab.cz\/co-by-nam-udelalo-prijemne\/\" class=\"more-link py-2 px-4\">Read More<span class=\"screen-reader-text\"> \"Co by n\u00e1m  ud\u011blalo p\u0159\u00edjemn\u011b?\"<\/span><\/a><\/div>","datePublished":"2025-12-07","dateModified":"2025-12-07","author":{"@type":"Person","@id":"https:\/\/www.shahab.cz\/author\/devene\/#Person","name":"devene","url":"https:\/\/www.shahab.cz\/author\/devene\/","identifier":1,"image":{"@type":"ImageObject","@id":"https:\/\/secure.gravatar.com\/avatar\/d7705a23c50ede72936119380238a88bdeb91030521f9262dc3abc6fdd8add33?s=96&d=mm&r=g","url":"https:\/\/secure.gravatar.com\/avatar\/d7705a23c50ede72936119380238a88bdeb91030521f9262dc3abc6fdd8add33?s=96&d=mm&r=g","height":96,"width":96}},"publisher":{"@type":"Organization","name":"shahab.cz","logo":{"@type":"ImageObject","@id":"\/logo.png","url":"\/logo.png","width":600,"height":60}},"image":{"@type":"ImageObject","@id":"https:\/\/www.shahab.cz\/wp-content\/uploads\/living-room-6940895_640_10_10_6.jpg","url":"https:\/\/www.shahab.cz\/wp-content\/uploads\/living-room-6940895_640_10_10_6.jpg","height":0,"width":0},"url":"https:\/\/www.shahab.cz\/co-by-nam-udelalo-prijemne\/","about":["Nakupov\u00e1n\u00ed"],"wordCount":498,"articleBody":"         Pocit horka je pro n\u00e1s nep\u0159\u00edjemn\u00fd stejn\u011b jako pocit chladu. Ano, kdy\u017e je vedro, m\u016f\u017eeme se vysvl\u00e9ct. Ale to nen\u00ed ide\u00e1ln\u00ed. Ne v\u017edy lze b\u00fdt ve vnit\u0159n\u00edch prostor\u00e1ch bez oble\u010den\u00ed. Ale i kdyby to \u0161lo, m\u016f\u017ee v\u00e1m b\u00fdt po\u0159\u00e1d vedro a pot z v\u00e1s m\u016f\u017ee st\u00e9kat v\u00edc ne\u017e dost.  Co znamen\u00e1 b\u00fdt &#8222;v pohod\u011b&#8220;? B\u00fdt &#8222;v pohod\u011b&#8220; znamen\u00e1, \u017ee teplota je tak akor\u00e1t. Nen\u00ed n\u00e1m prost\u011b ani moc horko, ani moc zima. Je n\u00e1m pohodln\u011b, nic n\u00e1s netla\u010d\u00ed. D\u00edky tomu m\u00e1me dobrou n\u00e1ladu, l\u00e9pe se n\u00e1m p\u0159em\u00fd\u0161l\u00ed, jsme energi\u010dt\u011bj\u0161\u00ed a v\u00fdkonn\u011bj\u0161\u00ed. P\u0159\u00edjemn\u00e9 je, kdy\u017e je vlhkost akor\u00e1t. Vzduch nen\u00ed ani moc vlhk\u00fd, ani moc such\u00fd a proud\u00ed p\u0159\u00edjemn\u011b. Nen\u00ed ani moc velk\u00e9 horko, ani zima. C\u00edt\u00edte se pohodln\u011b.Pro\u010d je pro n\u00e1s p\u0159\u00edjemn\u00e9 prost\u0159ed\u00ed d\u016fle\u017eit\u00e9?  P\u0159\u00edjemn\u00e9 prost\u0159ed\u00ed je hodn\u011b d\u016fle\u017eit\u00e9 pro na\u0161e zdrav\u00ed. Je skv\u011blou prevenc\u00ed proti nachlazen\u00edm, nevolnostem, nemocem \u010di psychick\u00e9 nepohod\u011b a \u00fanav\u011b. Kdy\u017e je nap\u0159\u00edklad p\u0159\u00edli\u0161 horko v letn\u00edch dnech, nem\u016f\u017eeme se soust\u0159edit, jsme ospal\u00ed a tolik v\u011bc\u00ed nevn\u00edm\u00e1me. Hork\u00e9 prost\u0159ed\u00ed n\u00e1s usp\u00e1v\u00e1. Se\u010dteno a podtr\u017eeno, vhodn\u00e9 a p\u0159\u00edjemn\u00e9 prost\u0159ed\u00ed zlep\u0161uje zdrav\u00ed, psychiku, klid, radost, produktivitu a mnoho dal\u0161\u00edho. Ne v\u017edy panuj\u00ed vhodn\u00e9 podm\u00ednky, nap\u0159\u00edklad v l\u00e9t\u011b n\u011bkdy b\u00fdv\u00e1 a\u017e p\u0159\u00edli\u0161 velk\u00e9 a \u00famorn\u00e9 vedro. Proto jsou zde odborn\u00edci, kte\u0159\u00ed vnit\u0159n\u00ed prost\u0159ed\u00ed p\u0159\u00edjemn\u011b ochlad\u00ed.D\u00edky komu n\u00e1m je p\u0159\u00edjemn\u011b https:\/\/www.saidlchlazeni.cz\/diky-komu-je-nam-prijemne\/? Ur\u010dit\u011b n\u00e1m je p\u0159\u00edjemn\u011b d\u00edky lidem, kte\u0159\u00ed n\u00e1m n\u011b\u010d\u00edm pomohou, ud\u011blaj\u00ed n\u00e1m radost. V p\u0159\u00edpad\u011b hork\u00fdch letn\u00edch dn\u00ed n\u00e1m nejsp\u00ed\u0161e ud\u011bl\u00e1 radost zmrzlin\u00e1\u0159 a hlavn\u011b spole\u010dnost, kter\u00e1 n\u00e1m zajist\u00ed r\u016fzn\u00e1 chladic\u00ed boxy, za\u0159\u00edzen\u00ed a klimatizaci. V p\u0159\u00edpad\u011b chladn\u00fdch dn\u00ed v\u00e1m spole\u010dnost pom\u016f\u017ee s tepeln\u00fdm \u010derpadlem.D\u00edky lidem, kte\u0159\u00ed n\u00e1m zajist\u00ed technologie, d\u00edky kter\u00fdm je n\u00e1m dob\u0159e. Obra\u0165me se na odborn\u00edky a na firmy, kter\u00e9 n\u00e1m zajist\u00ed ve\u0161ker\u00e9 klimatizace, chladic\u00ed za\u0159\u00edzen\u00ed, tepeln\u00e1 \u010derpadla. Klimatizace a chlazen\u00ed n\u00e1m ochlad\u00ed vzduch v m\u00edstnosti p\u0159ed b\u011bhem l\u00e9ta, ale mohou i vyh\u0159\u00edvat v p\u0159\u00edpad\u011b pot\u0159eby. Vyt\u00e1p\u011bn\u00ed a teplovodn\u00ed syst\u00e9my, radi\u00e1tory, podlahov\u00e9 vyt\u00e1p\u011bn\u00ed n\u00e1m zase p\u0159\u00edjemn\u011b zah\u0159ej\u00ed n\u00e1\u0161 domov. Vyt\u00e1p\u011bn\u00ed a teplovodn\u00ed syst\u00e9my a velmi popul\u00e1rn\u00ed rekuperace n\u00e1m zajist\u00ed celodenn\u00ed v\u011btr\u00e1n\u00ed, ze vzduchu ale odstran\u00ed vlhkost a alergeny. Zadejte nez\u00e1vaznou popt\u00e1vku je\u0161t\u011b dnes a dozv\u00edte se v\u00edce.                                                                                                                                                                                                                                                                                                                                                                                           5\/5 - (3 votes)        "},{"@context":"https:\/\/schema.org\/","@type":"BreadcrumbList","itemListElement":[{"@type":"ListItem","position":1,"name":"Co by n\u00e1m  ud\u011blalo p\u0159\u00edjemn\u011b?","item":"https:\/\/www.shahab.cz\/co-by-nam-udelalo-prijemne\/#breadcrumbitem"}]}]